{"id":48525,"date":"2025-10-20T10:24:10","date_gmt":"2025-10-20T08:24:10","guid":{"rendered":"https:\/\/przedszkolebuk.pl\/?p=48525"},"modified":"2025-10-22T10:29:41","modified_gmt":"2025-10-22T08:29:41","slug":"margaretki-z-wizyta-w-przychodni","status":"publish","type":"post","link":"https:\/\/przedszkolebuk.pl\/?p=48525","title":{"rendered":"Margaretki &#8211; z wizyt\u0105 w przychodni"},"content":{"rendered":"\n<p style=\"text-align: center;\">Z okazji wspomnienia \u015bw. \u0141ukasza, kt\u00f3ry jest Patronem pracownik\u00f3w s\u0142u\u017cby zdrowia, Margaretki wybra\u0142y si\u0119 z wizyt\u0105 do dw\u00f3ch pobliskich przychodni, aby z\u0142o\u017cy\u0107 \u017cyczenia i podzi\u0119kowa\u0107 pracownikom za ich codzienny trud, trosk\u0119 i po\u015bwi\u0119cenie wobec chorych.<\/p>\n<p style=\"text-align: center;\">\u00a0<\/p>\n<p style=\"text-align: center;\">Przedszkolaki wteczyly upominki oraz za\u015bpiewa\u0142y piosenk\u0119, czym sprawi\u0142y wiele rado\u015bci wszystkim pracownikom. Personel przychodni z wdzi\u0119czno\u015bci\u0105 przyj\u0105\u0142 te gesty \u017cyczliwo\u015bci, a w zamian obdarowa\u0142 dzieci kolorowymi naklejkami.\u00a0<\/p>\n<p style=\"text-align: center;\">\u00a0<\/p>\n<p style=\"text-align: center;\">To by\u0142a pi\u0119kna lekcja wdzi\u0119czno\u015bci i \u017cyczliwo\u015bci wobec os\u00f3b, kt\u00f3re na co dzie\u0144 nios\u0105 pomoc innym.\u00a0<\/p>\n<p>\u00a0<\/p>\n<div id='gallery-1' class='gallery galleryid-48525 gallery-columns-1 gallery-size-full'><figure class='gallery-item'>\n\t\t\t<div class='gallery-icon landscape'>\n\t\t\t\t<a href='https:\/\/przedszkolebuk.pl\/wp-content\/uploads\/2025\/10\/20251020_122435-scaled.jpg'><img loading=\"lazy\" decoding=\"async\" width=\"2560\" height=\"1920\" src=\"https:\/\/przedszkolebuk.pl\/wp-content\/uploads\/2025\/10\/20251020_122435-scaled.jpg\" class=\"attachment-full size-full\" alt=\"\" srcset=\"https:\/\/przedszkolebuk.pl\/wp-content\/uploads\/2025\/10\/20251020_122435-scaled.jpg 2560w, https:\/\/przedszkolebuk.pl\/wp-content\/uploads\/2025\/10\/20251020_122435-300x225.jpg 300w, https:\/\/przedszkolebuk.pl\/wp-content\/uploads\/2025\/10\/20251020_122435-1024x768.jpg 1024w, https:\/\/przedszkolebuk.pl\/wp-content\/uploads\/2025\/10\/20251020_122435-768x576.jpg 768w, https:\/\/przedszkolebuk.pl\/wp-content\/uploads\/2025\/10\/20251020_122435-1536x1152.jpg 1536w, https:\/\/przedszkolebuk.pl\/wp-content\/uploads\/2025\/10\/20251020_122435-2048x1536.jpg 2048w, https:\/\/przedszkolebuk.pl\/wp-content\/uploads\/2025\/10\/20251020_122435-830x623.jpg 830w, https:\/\/przedszkolebuk.pl\/wp-content\/uploads\/2025\/10\/20251020_122435-230x173.jpg 230w, https:\/\/przedszkolebuk.pl\/wp-content\/uploads\/2025\/10\/20251020_122435-350x263.jpg 350w, https:\/\/przedszkolebuk.pl\/wp-content\/uploads\/2025\/10\/20251020_122435-480x360.jpg 480w\" sizes=\"auto, (max-width: 2560px) 100vw, 2560px\" \/><\/a>\n\t\t\t<\/div><\/figure><figure class='gallery-item'>\n\t\t\t<div class='gallery-icon landscape'>\n\t\t\t\t<a href='https:\/\/przedszkolebuk.pl\/wp-content\/uploads\/2025\/10\/20251020_122518-scaled.jpg'><img loading=\"lazy\" decoding=\"async\" width=\"2560\" height=\"1920\" src=\"https:\/\/przedszkolebuk.pl\/wp-content\/uploads\/2025\/10\/20251020_122518-scaled.jpg\" class=\"attachment-full size-full\" alt=\"\" srcset=\"https:\/\/przedszkolebuk.pl\/wp-content\/uploads\/2025\/10\/20251020_122518-scaled.jpg 2560w, https:\/\/przedszkolebuk.pl\/wp-content\/uploads\/2025\/10\/20251020_122518-300x225.jpg 300w, https:\/\/przedszkolebuk.pl\/wp-content\/uploads\/2025\/10\/20251020_122518-1024x768.jpg 1024w, https:\/\/przedszkolebuk.pl\/wp-content\/uploads\/2025\/10\/20251020_122518-768x576.jpg 768w, https:\/\/przedszkolebuk.pl\/wp-content\/uploads\/2025\/10\/20251020_122518-1536x1152.jpg 1536w, https:\/\/przedszkolebuk.pl\/wp-content\/uploads\/2025\/10\/20251020_122518-2048x1536.jpg 2048w, https:\/\/przedszkolebuk.pl\/wp-content\/uploads\/2025\/10\/20251020_122518-830x623.jpg 830w, https:\/\/przedszkolebuk.pl\/wp-content\/uploads\/2025\/10\/20251020_122518-230x173.jpg 230w, https:\/\/przedszkolebuk.pl\/wp-content\/uploads\/2025\/10\/20251020_122518-350x263.jpg 350w, https:\/\/przedszkolebuk.pl\/wp-content\/uploads\/2025\/10\/20251020_122518-480x360.jpg 480w\" sizes=\"auto, (max-width: 2560px) 100vw, 2560px\" \/><\/a>\n\t\t\t<\/div><\/figure><figure class='gallery-item'>\n\t\t\t<div class='gallery-icon landscape'>\n\t\t\t\t<a href='https:\/\/przedszkolebuk.pl\/wp-content\/uploads\/2025\/10\/20251020_122525-scaled.jpg'><img loading=\"lazy\" decoding=\"async\" width=\"2560\" height=\"1920\" src=\"https:\/\/przedszkolebuk.pl\/wp-content\/uploads\/2025\/10\/20251020_122525-scaled.jpg\" class=\"attachment-full size-full\" alt=\"\" srcset=\"https:\/\/przedszkolebuk.pl\/wp-content\/uploads\/2025\/10\/20251020_122525-scaled.jpg 2560w, https:\/\/przedszkolebuk.pl\/wp-content\/uploads\/2025\/10\/20251020_122525-300x225.jpg 300w, https:\/\/przedszkolebuk.pl\/wp-content\/uploads\/2025\/10\/20251020_122525-1024x768.jpg 1024w, https:\/\/przedszkolebuk.pl\/wp-content\/uploads\/2025\/10\/20251020_122525-768x576.jpg 768w, https:\/\/przedszkolebuk.pl\/wp-content\/uploads\/2025\/10\/20251020_122525-1536x1152.jpg 1536w, https:\/\/przedszkolebuk.pl\/wp-content\/uploads\/2025\/10\/20251020_122525-2048x1536.jpg 2048w, https:\/\/przedszkolebuk.pl\/wp-content\/uploads\/2025\/10\/20251020_122525-830x623.jpg 830w, https:\/\/przedszkolebuk.pl\/wp-content\/uploads\/2025\/10\/20251020_122525-230x173.jpg 230w, https:\/\/przedszkolebuk.pl\/wp-content\/uploads\/2025\/10\/20251020_122525-350x263.jpg 350w, https:\/\/przedszkolebuk.pl\/wp-content\/uploads\/2025\/10\/20251020_122525-480x360.jpg 480w\" sizes=\"auto, (max-width: 2560px) 100vw, 2560px\" \/><\/a>\n\t\t\t<\/div><\/figure><figure class='gallery-item'>\n\t\t\t<div class='gallery-icon landscape'>\n\t\t\t\t<a href='https:\/\/przedszkolebuk.pl\/wp-content\/uploads\/2025\/10\/20251020_122529-scaled.jpg'><img loading=\"lazy\" decoding=\"async\" width=\"2560\" height=\"1920\" src=\"https:\/\/przedszkolebuk.pl\/wp-content\/uploads\/2025\/10\/20251020_122529-scaled.jpg\" class=\"attachment-full size-full\" alt=\"\" srcset=\"https:\/\/przedszkolebuk.pl\/wp-content\/uploads\/2025\/10\/20251020_122529-scaled.jpg 2560w, https:\/\/przedszkolebuk.pl\/wp-content\/uploads\/2025\/10\/20251020_122529-300x225.jpg 300w, https:\/\/przedszkolebuk.pl\/wp-content\/uploads\/2025\/10\/20251020_122529-1024x768.jpg 1024w, https:\/\/przedszkolebuk.pl\/wp-content\/uploads\/2025\/10\/20251020_122529-768x576.jpg 768w, https:\/\/przedszkolebuk.pl\/wp-content\/uploads\/2025\/10\/20251020_122529-1536x1152.jpg 1536w, https:\/\/przedszkolebuk.pl\/wp-content\/uploads\/2025\/10\/20251020_122529-2048x1536.jpg 2048w, https:\/\/przedszkolebuk.pl\/wp-content\/uploads\/2025\/10\/20251020_122529-830x623.jpg 830w, https:\/\/przedszkolebuk.pl\/wp-content\/uploads\/2025\/10\/20251020_122529-230x173.jpg 230w, https:\/\/przedszkolebuk.pl\/wp-content\/uploads\/2025\/10\/20251020_122529-350x263.jpg 350w, https:\/\/przedszkolebuk.pl\/wp-content\/uploads\/2025\/10\/20251020_122529-480x360.jpg 480w\" sizes=\"auto, (max-width: 2560px) 100vw, 2560px\" \/><\/a>\n\t\t\t<\/div><\/figure><figure class='gallery-item'>\n\t\t\t<div class='gallery-icon landscape'>\n\t\t\t\t<a href='https:\/\/przedszkolebuk.pl\/wp-content\/uploads\/2025\/10\/20251020_122534-scaled.jpg'><img loading=\"lazy\" decoding=\"async\" width=\"2560\" height=\"1920\" src=\"https:\/\/przedszkolebuk.pl\/wp-content\/uploads\/2025\/10\/20251020_122534-scaled.jpg\" class=\"attachment-full size-full\" alt=\"\" srcset=\"https:\/\/przedszkolebuk.pl\/wp-content\/uploads\/2025\/10\/20251020_122534-scaled.jpg 2560w, https:\/\/przedszkolebuk.pl\/wp-content\/uploads\/2025\/10\/20251020_122534-300x225.jpg 300w, https:\/\/przedszkolebuk.pl\/wp-content\/uploads\/2025\/10\/20251020_122534-1024x768.jpg 1024w, https:\/\/przedszkolebuk.pl\/wp-content\/uploads\/2025\/10\/20251020_122534-768x576.jpg 768w, https:\/\/przedszkolebuk.pl\/wp-content\/uploads\/2025\/10\/20251020_122534-1536x1152.jpg 1536w, https:\/\/przedszkolebuk.pl\/wp-content\/uploads\/2025\/10\/20251020_122534-2048x1536.jpg 2048w, https:\/\/przedszkolebuk.pl\/wp-content\/uploads\/2025\/10\/20251020_122534-830x623.jpg 830w, https:\/\/przedszkolebuk.pl\/wp-content\/uploads\/2025\/10\/20251020_122534-230x173.jpg 230w, https:\/\/przedszkolebuk.pl\/wp-content\/uploads\/2025\/10\/20251020_122534-350x263.jpg 350w, https:\/\/przedszkolebuk.pl\/wp-content\/uploads\/2025\/10\/20251020_122534-480x360.jpg 480w\" sizes=\"auto, (max-width: 2560px) 100vw, 2560px\" \/><\/a>\n\t\t\t<\/div><\/figure><figure class='gallery-item'>\n\t\t\t<div class='gallery-icon landscape'>\n\t\t\t\t<a href='https:\/\/przedszkolebuk.pl\/wp-content\/uploads\/2025\/10\/20251020_122548-scaled.jpg'><img loading=\"lazy\" decoding=\"async\" width=\"2560\" height=\"1920\" src=\"https:\/\/przedszkolebuk.pl\/wp-content\/uploads\/2025\/10\/20251020_122548-scaled.jpg\" class=\"attachment-full size-full\" alt=\"\" srcset=\"https:\/\/przedszkolebuk.pl\/wp-content\/uploads\/2025\/10\/20251020_122548-scaled.jpg 2560w, https:\/\/przedszkolebuk.pl\/wp-content\/uploads\/2025\/10\/20251020_122548-300x225.jpg 300w, https:\/\/przedszkolebuk.pl\/wp-content\/uploads\/2025\/10\/20251020_122548-1024x768.jpg 1024w, https:\/\/przedszkolebuk.pl\/wp-content\/uploads\/2025\/10\/20251020_122548-768x576.jpg 768w, https:\/\/przedszkolebuk.pl\/wp-content\/uploads\/2025\/10\/20251020_122548-1536x1152.jpg 1536w, https:\/\/przedszkolebuk.pl\/wp-content\/uploads\/2025\/10\/20251020_122548-2048x1536.jpg 2048w, https:\/\/przedszkolebuk.pl\/wp-content\/uploads\/2025\/10\/20251020_122548-830x623.jpg 830w, https:\/\/przedszkolebuk.pl\/wp-content\/uploads\/2025\/10\/20251020_122548-230x173.jpg 230w, https:\/\/przedszkolebuk.pl\/wp-content\/uploads\/2025\/10\/20251020_122548-350x263.jpg 350w, https:\/\/przedszkolebuk.pl\/wp-content\/uploads\/2025\/10\/20251020_122548-480x360.jpg 480w\" sizes=\"auto, (max-width: 2560px) 100vw, 2560px\" \/><\/a>\n\t\t\t<\/div><\/figure><figure class='gallery-item'>\n\t\t\t<div class='gallery-icon landscape'>\n\t\t\t\t<a href='https:\/\/przedszkolebuk.pl\/wp-content\/uploads\/2025\/10\/20251020_125311-scaled.jpg'><img loading=\"lazy\" decoding=\"async\" width=\"2560\" height=\"1920\" src=\"https:\/\/przedszkolebuk.pl\/wp-content\/uploads\/2025\/10\/20251020_125311-scaled.jpg\" class=\"attachment-full size-full\" alt=\"\" srcset=\"https:\/\/przedszkolebuk.pl\/wp-content\/uploads\/2025\/10\/20251020_125311-scaled.jpg 2560w, https:\/\/przedszkolebuk.pl\/wp-content\/uploads\/2025\/10\/20251020_125311-300x225.jpg 300w, https:\/\/przedszkolebuk.pl\/wp-content\/uploads\/2025\/10\/20251020_125311-1024x768.jpg 1024w, https:\/\/przedszkolebuk.pl\/wp-content\/uploads\/2025\/10\/20251020_125311-768x576.jpg 768w, https:\/\/przedszkolebuk.pl\/wp-content\/uploads\/2025\/10\/20251020_125311-1536x1152.jpg 1536w, https:\/\/przedszkolebuk.pl\/wp-content\/uploads\/2025\/10\/20251020_125311-2048x1536.jpg 2048w, https:\/\/przedszkolebuk.pl\/wp-content\/uploads\/2025\/10\/20251020_125311-830x623.jpg 830w, https:\/\/przedszkolebuk.pl\/wp-content\/uploads\/2025\/10\/20251020_125311-230x173.jpg 230w, https:\/\/przedszkolebuk.pl\/wp-content\/uploads\/2025\/10\/20251020_125311-350x263.jpg 350w, https:\/\/przedszkolebuk.pl\/wp-content\/uploads\/2025\/10\/20251020_125311-480x360.jpg 480w\" sizes=\"auto, (max-width: 2560px) 100vw, 2560px\" \/><\/a>\n\t\t\t<\/div><\/figure><figure class='gallery-item'>\n\t\t\t<div class='gallery-icon landscape'>\n\t\t\t\t<a href='https:\/\/przedszkolebuk.pl\/wp-content\/uploads\/2025\/10\/20251020_125514-scaled.jpg'><img loading=\"lazy\" decoding=\"async\" width=\"2560\" height=\"1920\" src=\"https:\/\/przedszkolebuk.pl\/wp-content\/uploads\/2025\/10\/20251020_125514-scaled.jpg\" class=\"attachment-full size-full\" alt=\"\" srcset=\"https:\/\/przedszkolebuk.pl\/wp-content\/uploads\/2025\/10\/20251020_125514-scaled.jpg 2560w, https:\/\/przedszkolebuk.pl\/wp-content\/uploads\/2025\/10\/20251020_125514-300x225.jpg 300w, https:\/\/przedszkolebuk.pl\/wp-content\/uploads\/2025\/10\/20251020_125514-1024x768.jpg 1024w, https:\/\/przedszkolebuk.pl\/wp-content\/uploads\/2025\/10\/20251020_125514-768x576.jpg 768w, https:\/\/przedszkolebuk.pl\/wp-content\/uploads\/2025\/10\/20251020_125514-1536x1152.jpg 1536w, https:\/\/przedszkolebuk.pl\/wp-content\/uploads\/2025\/10\/20251020_125514-2048x1536.jpg 2048w, https:\/\/przedszkolebuk.pl\/wp-content\/uploads\/2025\/10\/20251020_125514-830x623.jpg 830w, https:\/\/przedszkolebuk.pl\/wp-content\/uploads\/2025\/10\/20251020_125514-230x173.jpg 230w, https:\/\/przedszkolebuk.pl\/wp-content\/uploads\/2025\/10\/20251020_125514-350x263.jpg 350w, https:\/\/przedszkolebuk.pl\/wp-content\/uploads\/2025\/10\/20251020_125514-480x360.jpg 480w\" sizes=\"auto, (max-width: 2560px) 100vw, 2560px\" \/><\/a>\n\t\t\t<\/div><\/figure>\n\t\t<\/div>\n\n","protected":false},"excerpt":{"rendered":"<p>Z okazji wspomnienia \u015bw. \u0141ukasza, kt\u00f3ry jest Patronem pracownik\u00f3w s\u0142u\u017cby zdrowia, Margaretki wybra\u0142y si\u0119 z wizyt\u0105 do dw\u00f3ch pobliskich przychodni, aby z\u0142o\u017cy\u0107 \u017cyczenia i podzi\u0119kowa\u0107 pracownikom za ich codzienny trud, trosk\u0119 i po\u015bwi\u0119cenie wobec chorych. \u00a0 Przedszkolaki wteczyly upominki oraz za\u015bpiewa\u0142y piosenk\u0119, czym sprawi\u0142y wiele rado\u015bci wszystkim pracownikom. Personel przychodni z wdzi\u0119czno\u015bci\u0105 przyj\u0105\u0142 te gesty [&hellip;]<\/p>\n","protected":false},"author":5,"featured_media":48526,"comment_status":"closed","ping_status":"closed","sticky":false,"template":"","format":"standard","meta":{"footnotes":""},"categories":[4],"tags":[],"class_list":["post-48525","post","type-post","status-publish","format-standard","has-post-thumbnail","hentry","category-pazdziernik"],"_links":{"self":[{"href":"https:\/\/przedszkolebuk.pl\/index.php?rest_route=\/wp\/v2\/posts\/48525","targetHints":{"allow":["GET"]}}],"collection":[{"href":"https:\/\/przedszkolebuk.pl\/index.php?rest_route=\/wp\/v2\/posts"}],"about":[{"href":"https:\/\/przedszkolebuk.pl\/index.php?rest_route=\/wp\/v2\/types\/post"}],"author":[{"embeddable":true,"href":"https:\/\/przedszkolebuk.pl\/index.php?rest_route=\/wp\/v2\/users\/5"}],"replies":[{"embeddable":true,"href":"https:\/\/przedszkolebuk.pl\/index.php?rest_route=%2Fwp%2Fv2%2Fcomments&post=48525"}],"version-history":[{"count":1,"href":"https:\/\/przedszkolebuk.pl\/index.php?rest_route=\/wp\/v2\/posts\/48525\/revisions"}],"predecessor-version":[{"id":48534,"href":"https:\/\/przedszkolebuk.pl\/index.php?rest_route=\/wp\/v2\/posts\/48525\/revisions\/48534"}],"wp:featuredmedia":[{"embeddable":true,"href":"https:\/\/przedszkolebuk.pl\/index.php?rest_route=\/wp\/v2\/media\/48526"}],"wp:attachment":[{"href":"https:\/\/przedszkolebuk.pl\/index.php?rest_route=%2Fwp%2Fv2%2Fmedia&parent=48525"}],"wp:term":[{"taxonomy":"category","embeddable":true,"href":"https:\/\/przedszkolebuk.pl\/index.php?rest_route=%2Fwp%2Fv2%2Fcategories&post=48525"},{"taxonomy":"post_tag","embeddable":true,"href":"https:\/\/przedszkolebuk.pl\/index.php?rest_route=%2Fwp%2Fv2%2Ftags&post=48525"}],"curies":[{"name":"wp","href":"https:\/\/api.w.org\/{rel}","templated":true}]}}