{"id":48503,"date":"2025-10-16T15:12:58","date_gmt":"2025-10-16T13:12:58","guid":{"rendered":"https:\/\/przedszkolebuk.pl\/?p=48503"},"modified":"2025-10-19T15:28:04","modified_gmt":"2025-10-19T13:28:04","slug":"maki-sadzilismy-drzewko","status":"publish","type":"post","link":"https:\/\/przedszkolebuk.pl\/?p=48503","title":{"rendered":"Maki &#8211; sadzili\u015bmy drzewko"},"content":{"rendered":"\n<p class=\"has-text-align-center\">W naszym ogrodzie z s. Dyrektor zasadzilismy drzewko owocowe. B\u0119dziemy pilnie do wiosny obserwowa\u0107 m\u0142ode listki i p\u0105ki kwiatowe aby latem znale\u017a\u0107 tam soczyste\u00a0morale.<\/p>\n\n\n\n\n\n<div id='gallery-1' class='gallery galleryid-48503 gallery-columns-1 gallery-size-full'><figure class='gallery-item'>\n\t\t\t<div class='gallery-icon landscape'>\n\t\t\t\t<a href='https:\/\/przedszkolebuk.pl\/wp-content\/uploads\/2025\/10\/IMG-20251019-WA0015.jpg'><img loading=\"lazy\" decoding=\"async\" width=\"1600\" height=\"900\" src=\"https:\/\/przedszkolebuk.pl\/wp-content\/uploads\/2025\/10\/IMG-20251019-WA0015.jpg\" class=\"attachment-full size-full\" alt=\"\" srcset=\"https:\/\/przedszkolebuk.pl\/wp-content\/uploads\/2025\/10\/IMG-20251019-WA0015.jpg 1600w, https:\/\/przedszkolebuk.pl\/wp-content\/uploads\/2025\/10\/IMG-20251019-WA0015-300x169.jpg 300w, https:\/\/przedszkolebuk.pl\/wp-content\/uploads\/2025\/10\/IMG-20251019-WA0015-1024x576.jpg 1024w, https:\/\/przedszkolebuk.pl\/wp-content\/uploads\/2025\/10\/IMG-20251019-WA0015-768x432.jpg 768w, https:\/\/przedszkolebuk.pl\/wp-content\/uploads\/2025\/10\/IMG-20251019-WA0015-1536x864.jpg 1536w, https:\/\/przedszkolebuk.pl\/wp-content\/uploads\/2025\/10\/IMG-20251019-WA0015-830x467.jpg 830w, https:\/\/przedszkolebuk.pl\/wp-content\/uploads\/2025\/10\/IMG-20251019-WA0015-230x129.jpg 230w, https:\/\/przedszkolebuk.pl\/wp-content\/uploads\/2025\/10\/IMG-20251019-WA0015-350x197.jpg 350w, https:\/\/przedszkolebuk.pl\/wp-content\/uploads\/2025\/10\/IMG-20251019-WA0015-480x270.jpg 480w\" sizes=\"auto, (max-width: 1600px) 100vw, 1600px\" \/><\/a>\n\t\t\t<\/div><\/figure><figure class='gallery-item'>\n\t\t\t<div class='gallery-icon portrait'>\n\t\t\t\t<a href='https:\/\/przedszkolebuk.pl\/wp-content\/uploads\/2025\/10\/IMG-20251019-WA0016.jpg'><img loading=\"lazy\" decoding=\"async\" width=\"900\" height=\"1600\" src=\"https:\/\/przedszkolebuk.pl\/wp-content\/uploads\/2025\/10\/IMG-20251019-WA0016.jpg\" class=\"attachment-full size-full\" alt=\"\" srcset=\"https:\/\/przedszkolebuk.pl\/wp-content\/uploads\/2025\/10\/IMG-20251019-WA0016.jpg 900w, https:\/\/przedszkolebuk.pl\/wp-content\/uploads\/2025\/10\/IMG-20251019-WA0016-169x300.jpg 169w, https:\/\/przedszkolebuk.pl\/wp-content\/uploads\/2025\/10\/IMG-20251019-WA0016-576x1024.jpg 576w, https:\/\/przedszkolebuk.pl\/wp-content\/uploads\/2025\/10\/IMG-20251019-WA0016-768x1365.jpg 768w, https:\/\/przedszkolebuk.pl\/wp-content\/uploads\/2025\/10\/IMG-20251019-WA0016-864x1536.jpg 864w, https:\/\/przedszkolebuk.pl\/wp-content\/uploads\/2025\/10\/IMG-20251019-WA0016-830x1476.jpg 830w, https:\/\/przedszkolebuk.pl\/wp-content\/uploads\/2025\/10\/IMG-20251019-WA0016-230x409.jpg 230w, https:\/\/przedszkolebuk.pl\/wp-content\/uploads\/2025\/10\/IMG-20251019-WA0016-350x622.jpg 350w, https:\/\/przedszkolebuk.pl\/wp-content\/uploads\/2025\/10\/IMG-20251019-WA0016-480x853.jpg 480w\" sizes=\"auto, (max-width: 900px) 100vw, 900px\" \/><\/a>\n\t\t\t<\/div><\/figure><figure class='gallery-item'>\n\t\t\t<div class='gallery-icon landscape'>\n\t\t\t\t<a href='https:\/\/przedszkolebuk.pl\/wp-content\/uploads\/2025\/10\/IMG-20251019-WA0013.jpg'><img loading=\"lazy\" decoding=\"async\" width=\"1600\" height=\"931\" src=\"https:\/\/przedszkolebuk.pl\/wp-content\/uploads\/2025\/10\/IMG-20251019-WA0013.jpg\" class=\"attachment-full size-full\" alt=\"\" srcset=\"https:\/\/przedszkolebuk.pl\/wp-content\/uploads\/2025\/10\/IMG-20251019-WA0013.jpg 1600w, https:\/\/przedszkolebuk.pl\/wp-content\/uploads\/2025\/10\/IMG-20251019-WA0013-300x175.jpg 300w, https:\/\/przedszkolebuk.pl\/wp-content\/uploads\/2025\/10\/IMG-20251019-WA0013-1024x596.jpg 1024w, https:\/\/przedszkolebuk.pl\/wp-content\/uploads\/2025\/10\/IMG-20251019-WA0013-768x447.jpg 768w, https:\/\/przedszkolebuk.pl\/wp-content\/uploads\/2025\/10\/IMG-20251019-WA0013-1536x894.jpg 1536w, https:\/\/przedszkolebuk.pl\/wp-content\/uploads\/2025\/10\/IMG-20251019-WA0013-830x483.jpg 830w, https:\/\/przedszkolebuk.pl\/wp-content\/uploads\/2025\/10\/IMG-20251019-WA0013-230x134.jpg 230w, https:\/\/przedszkolebuk.pl\/wp-content\/uploads\/2025\/10\/IMG-20251019-WA0013-350x204.jpg 350w, https:\/\/przedszkolebuk.pl\/wp-content\/uploads\/2025\/10\/IMG-20251019-WA0013-480x279.jpg 480w\" sizes=\"auto, (max-width: 1600px) 100vw, 1600px\" \/><\/a>\n\t\t\t<\/div><\/figure>\n\t\t<\/div>\n\n","protected":false},"excerpt":{"rendered":"<p>W naszym ogrodzie z s. Dyrektor zasadzilismy drzewko owocowe. B\u0119dziemy pilnie do wiosny obserwowa\u0107 m\u0142ode listki i p\u0105ki kwiatowe aby latem znale\u017a\u0107 tam soczyste\u00a0morale.<\/p>\n","protected":false},"author":5,"featured_media":48506,"comment_status":"closed","ping_status":"closed","sticky":false,"template":"","format":"standard","meta":{"footnotes":""},"categories":[4],"tags":[],"class_list":["post-48503","post","type-post","status-publish","format-standard","has-post-thumbnail","hentry","category-pazdziernik"],"_links":{"self":[{"href":"https:\/\/przedszkolebuk.pl\/index.php?rest_route=\/wp\/v2\/posts\/48503","targetHints":{"allow":["GET"]}}],"collection":[{"href":"https:\/\/przedszkolebuk.pl\/index.php?rest_route=\/wp\/v2\/posts"}],"about":[{"href":"https:\/\/przedszkolebuk.pl\/index.php?rest_route=\/wp\/v2\/types\/post"}],"author":[{"embeddable":true,"href":"https:\/\/przedszkolebuk.pl\/index.php?rest_route=\/wp\/v2\/users\/5"}],"replies":[{"embeddable":true,"href":"https:\/\/przedszkolebuk.pl\/index.php?rest_route=%2Fwp%2Fv2%2Fcomments&post=48503"}],"version-history":[{"count":2,"href":"https:\/\/przedszkolebuk.pl\/index.php?rest_route=\/wp\/v2\/posts\/48503\/revisions"}],"predecessor-version":[{"id":48511,"href":"https:\/\/przedszkolebuk.pl\/index.php?rest_route=\/wp\/v2\/posts\/48503\/revisions\/48511"}],"wp:featuredmedia":[{"embeddable":true,"href":"https:\/\/przedszkolebuk.pl\/index.php?rest_route=\/wp\/v2\/media\/48506"}],"wp:attachment":[{"href":"https:\/\/przedszkolebuk.pl\/index.php?rest_route=%2Fwp%2Fv2%2Fmedia&parent=48503"}],"wp:term":[{"taxonomy":"category","embeddable":true,"href":"https:\/\/przedszkolebuk.pl\/index.php?rest_route=%2Fwp%2Fv2%2Fcategories&post=48503"},{"taxonomy":"post_tag","embeddable":true,"href":"https:\/\/przedszkolebuk.pl\/index.php?rest_route=%2Fwp%2Fv2%2Ftags&post=48503"}],"curies":[{"name":"wp","href":"https:\/\/api.w.org\/{rel}","templated":true}]}}