{"id":48499,"date":"2025-10-17T15:12:12","date_gmt":"2025-10-17T13:12:12","guid":{"rendered":"https:\/\/przedszkolebuk.pl\/?p=48499"},"modified":"2025-10-19T15:24:54","modified_gmt":"2025-10-19T13:24:54","slug":"podziekowanie-dla-pracownikow-dpsu","status":"publish","type":"post","link":"https:\/\/przedszkolebuk.pl\/?p=48499","title":{"rendered":"Podzi\u0119kowanie dla pracownik\u00f3w DPSu"},"content":{"rendered":"\n<p class=\"has-text-align-center\">Z ma\u0142ym wyprzedzeniem z okazji \u015awi\u0119ta \u015bw \u0141ukasza patrona s\u0142u\u017cby zdrowia podzi\u0119kowali\u015bmy s. Zofii i wszystkim Paniom troszcz\u0105cym si\u0119 ka\u017cdego dnia o chore Mieszkanki\u00a0DPSu.<\/p>\n\n\n\n<div id='gallery-1' class='gallery galleryid-48499 gallery-columns-1 gallery-size-full'><figure class='gallery-item'>\n\t\t\t<div class='gallery-icon landscape'>\n\t\t\t\t<a href='https:\/\/przedszkolebuk.pl\/wp-content\/uploads\/2025\/10\/IMG-20251019-WA0017.jpg'><img loading=\"lazy\" decoding=\"async\" width=\"1600\" height=\"900\" src=\"https:\/\/przedszkolebuk.pl\/wp-content\/uploads\/2025\/10\/IMG-20251019-WA0017.jpg\" class=\"attachment-full size-full\" alt=\"\" srcset=\"https:\/\/przedszkolebuk.pl\/wp-content\/uploads\/2025\/10\/IMG-20251019-WA0017.jpg 1600w, https:\/\/przedszkolebuk.pl\/wp-content\/uploads\/2025\/10\/IMG-20251019-WA0017-300x169.jpg 300w, https:\/\/przedszkolebuk.pl\/wp-content\/uploads\/2025\/10\/IMG-20251019-WA0017-1024x576.jpg 1024w, https:\/\/przedszkolebuk.pl\/wp-content\/uploads\/2025\/10\/IMG-20251019-WA0017-768x432.jpg 768w, https:\/\/przedszkolebuk.pl\/wp-content\/uploads\/2025\/10\/IMG-20251019-WA0017-1536x864.jpg 1536w, https:\/\/przedszkolebuk.pl\/wp-content\/uploads\/2025\/10\/IMG-20251019-WA0017-830x467.jpg 830w, https:\/\/przedszkolebuk.pl\/wp-content\/uploads\/2025\/10\/IMG-20251019-WA0017-230x129.jpg 230w, https:\/\/przedszkolebuk.pl\/wp-content\/uploads\/2025\/10\/IMG-20251019-WA0017-350x197.jpg 350w, https:\/\/przedszkolebuk.pl\/wp-content\/uploads\/2025\/10\/IMG-20251019-WA0017-480x270.jpg 480w\" sizes=\"auto, (max-width: 1600px) 100vw, 1600px\" \/><\/a>\n\t\t\t<\/div><\/figure><figure class='gallery-item'>\n\t\t\t<div class='gallery-icon landscape'>\n\t\t\t\t<a href='https:\/\/przedszkolebuk.pl\/wp-content\/uploads\/2025\/10\/IMG-20251017-WA0000.jpg'><img loading=\"lazy\" decoding=\"async\" width=\"1600\" height=\"900\" src=\"https:\/\/przedszkolebuk.pl\/wp-content\/uploads\/2025\/10\/IMG-20251017-WA0000.jpg\" class=\"attachment-full size-full\" alt=\"\" srcset=\"https:\/\/przedszkolebuk.pl\/wp-content\/uploads\/2025\/10\/IMG-20251017-WA0000.jpg 1600w, https:\/\/przedszkolebuk.pl\/wp-content\/uploads\/2025\/10\/IMG-20251017-WA0000-300x169.jpg 300w, https:\/\/przedszkolebuk.pl\/wp-content\/uploads\/2025\/10\/IMG-20251017-WA0000-1024x576.jpg 1024w, https:\/\/przedszkolebuk.pl\/wp-content\/uploads\/2025\/10\/IMG-20251017-WA0000-768x432.jpg 768w, https:\/\/przedszkolebuk.pl\/wp-content\/uploads\/2025\/10\/IMG-20251017-WA0000-1536x864.jpg 1536w, https:\/\/przedszkolebuk.pl\/wp-content\/uploads\/2025\/10\/IMG-20251017-WA0000-830x467.jpg 830w, https:\/\/przedszkolebuk.pl\/wp-content\/uploads\/2025\/10\/IMG-20251017-WA0000-230x129.jpg 230w, https:\/\/przedszkolebuk.pl\/wp-content\/uploads\/2025\/10\/IMG-20251017-WA0000-350x197.jpg 350w, https:\/\/przedszkolebuk.pl\/wp-content\/uploads\/2025\/10\/IMG-20251017-WA0000-480x270.jpg 480w\" sizes=\"auto, (max-width: 1600px) 100vw, 1600px\" \/><\/a>\n\t\t\t<\/div><\/figure>\n\t\t<\/div>\n\n\n\n","protected":false},"excerpt":{"rendered":"<p>Z ma\u0142ym wyprzedzeniem z okazji \u015awi\u0119ta \u015bw \u0141ukasza patrona s\u0142u\u017cby zdrowia podzi\u0119kowali\u015bmy s. Zofii i wszystkim Paniom troszcz\u0105cym si\u0119 ka\u017cdego dnia o chore Mieszkanki\u00a0DPSu.<\/p>\n","protected":false},"author":5,"featured_media":48501,"comment_status":"closed","ping_status":"closed","sticky":false,"template":"","format":"standard","meta":{"footnotes":""},"categories":[4],"tags":[],"class_list":["post-48499","post","type-post","status-publish","format-standard","has-post-thumbnail","hentry","category-pazdziernik"],"_links":{"self":[{"href":"https:\/\/przedszkolebuk.pl\/index.php?rest_route=\/wp\/v2\/posts\/48499","targetHints":{"allow":["GET"]}}],"collection":[{"href":"https:\/\/przedszkolebuk.pl\/index.php?rest_route=\/wp\/v2\/posts"}],"about":[{"href":"https:\/\/przedszkolebuk.pl\/index.php?rest_route=\/wp\/v2\/types\/post"}],"author":[{"embeddable":true,"href":"https:\/\/przedszkolebuk.pl\/index.php?rest_route=\/wp\/v2\/users\/5"}],"replies":[{"embeddable":true,"href":"https:\/\/przedszkolebuk.pl\/index.php?rest_route=%2Fwp%2Fv2%2Fcomments&post=48499"}],"version-history":[{"count":2,"href":"https:\/\/przedszkolebuk.pl\/index.php?rest_route=\/wp\/v2\/posts\/48499\/revisions"}],"predecessor-version":[{"id":48510,"href":"https:\/\/przedszkolebuk.pl\/index.php?rest_route=\/wp\/v2\/posts\/48499\/revisions\/48510"}],"wp:featuredmedia":[{"embeddable":true,"href":"https:\/\/przedszkolebuk.pl\/index.php?rest_route=\/wp\/v2\/media\/48501"}],"wp:attachment":[{"href":"https:\/\/przedszkolebuk.pl\/index.php?rest_route=%2Fwp%2Fv2%2Fmedia&parent=48499"}],"wp:term":[{"taxonomy":"category","embeddable":true,"href":"https:\/\/przedszkolebuk.pl\/index.php?rest_route=%2Fwp%2Fv2%2Fcategories&post=48499"},{"taxonomy":"post_tag","embeddable":true,"href":"https:\/\/przedszkolebuk.pl\/index.php?rest_route=%2Fwp%2Fv2%2Ftags&post=48499"}],"curies":[{"name":"wp","href":"https:\/\/api.w.org\/{rel}","templated":true}]}}