{"id":48297,"date":"2025-09-14T15:04:27","date_gmt":"2025-09-14T13:04:27","guid":{"rendered":"https:\/\/przedszkolebuk.pl\/?p=48297"},"modified":"2025-10-08T06:34:27","modified_gmt":"2025-10-08T04:34:27","slug":"48297","status":"publish","type":"post","link":"https:\/\/przedszkolebuk.pl\/?p=48297","title":{"rendered":"Odpust parafialny &#8211; poczet sztandarowy"},"content":{"rendered":"\n\n\n<p style=\"text-align: center;\"><br \/>Dzieci z naszego przedszkola Zuzia, Sta\u015b i Michalina dumnie reprezentowa\u0142y plac\u00f3wk\u0119 ze sztandarem podczas uroczystej Mszy \u015bw. Odpustowej w Sanktuarium.<br \/><br \/><\/p>\n<p>\u00a0<\/p>\n\n\n\n<figure class=\"wp-block-gallery has-nested-images columns-default is-cropped wp-block-gallery-1 is-layout-flex wp-block-gallery-is-layout-flex\">\n<figure class=\"wp-block-image size-large\"><img loading=\"lazy\" decoding=\"async\" width=\"768\" height=\"1024\" data-id=\"48298\" src=\"https:\/\/przedszkolebuk.pl\/wp-content\/uploads\/2025\/10\/IMG-20250925-WA0048-768x1024.jpg\" alt=\"\" class=\"wp-image-48298\" srcset=\"https:\/\/przedszkolebuk.pl\/wp-content\/uploads\/2025\/10\/IMG-20250925-WA0048-768x1024.jpg 768w, https:\/\/przedszkolebuk.pl\/wp-content\/uploads\/2025\/10\/IMG-20250925-WA0048-225x300.jpg 225w, https:\/\/przedszkolebuk.pl\/wp-content\/uploads\/2025\/10\/IMG-20250925-WA0048-1152x1536.jpg 1152w, https:\/\/przedszkolebuk.pl\/wp-content\/uploads\/2025\/10\/IMG-20250925-WA0048-830x1107.jpg 830w, https:\/\/przedszkolebuk.pl\/wp-content\/uploads\/2025\/10\/IMG-20250925-WA0048-230x307.jpg 230w, https:\/\/przedszkolebuk.pl\/wp-content\/uploads\/2025\/10\/IMG-20250925-WA0048-350x467.jpg 350w, https:\/\/przedszkolebuk.pl\/wp-content\/uploads\/2025\/10\/IMG-20250925-WA0048-480x640.jpg 480w, https:\/\/przedszkolebuk.pl\/wp-content\/uploads\/2025\/10\/IMG-20250925-WA0048.jpg 1200w\" sizes=\"auto, (max-width: 768px) 100vw, 768px\" \/><\/figure>\n\n\n\n<figure class=\"wp-block-image size-large\"><img loading=\"lazy\" decoding=\"async\" width=\"768\" height=\"1024\" data-id=\"48299\" src=\"https:\/\/przedszkolebuk.pl\/wp-content\/uploads\/2025\/10\/IMG-20250925-WA0048-1-768x1024.jpg\" alt=\"\" class=\"wp-image-48299\" srcset=\"https:\/\/przedszkolebuk.pl\/wp-content\/uploads\/2025\/10\/IMG-20250925-WA0048-1-768x1024.jpg 768w, https:\/\/przedszkolebuk.pl\/wp-content\/uploads\/2025\/10\/IMG-20250925-WA0048-1-225x300.jpg 225w, https:\/\/przedszkolebuk.pl\/wp-content\/uploads\/2025\/10\/IMG-20250925-WA0048-1-1152x1536.jpg 1152w, https:\/\/przedszkolebuk.pl\/wp-content\/uploads\/2025\/10\/IMG-20250925-WA0048-1-830x1107.jpg 830w, https:\/\/przedszkolebuk.pl\/wp-content\/uploads\/2025\/10\/IMG-20250925-WA0048-1-230x307.jpg 230w, https:\/\/przedszkolebuk.pl\/wp-content\/uploads\/2025\/10\/IMG-20250925-WA0048-1-350x467.jpg 350w, https:\/\/przedszkolebuk.pl\/wp-content\/uploads\/2025\/10\/IMG-20250925-WA0048-1-480x640.jpg 480w, https:\/\/przedszkolebuk.pl\/wp-content\/uploads\/2025\/10\/IMG-20250925-WA0048-1.jpg 1200w\" sizes=\"auto, (max-width: 768px) 100vw, 768px\" \/><\/figure>\n\n\n\n<figure class=\"wp-block-image size-large\"><img loading=\"lazy\" decoding=\"async\" width=\"768\" height=\"1024\" data-id=\"48300\" src=\"https:\/\/przedszkolebuk.pl\/wp-content\/uploads\/2025\/10\/IMG-20250925-WA0047-768x1024.jpg\" alt=\"\" class=\"wp-image-48300\" srcset=\"https:\/\/przedszkolebuk.pl\/wp-content\/uploads\/2025\/10\/IMG-20250925-WA0047-768x1024.jpg 768w, https:\/\/przedszkolebuk.pl\/wp-content\/uploads\/2025\/10\/IMG-20250925-WA0047-225x300.jpg 225w, https:\/\/przedszkolebuk.pl\/wp-content\/uploads\/2025\/10\/IMG-20250925-WA0047-1152x1536.jpg 1152w, https:\/\/przedszkolebuk.pl\/wp-content\/uploads\/2025\/10\/IMG-20250925-WA0047-830x1107.jpg 830w, https:\/\/przedszkolebuk.pl\/wp-content\/uploads\/2025\/10\/IMG-20250925-WA0047-230x307.jpg 230w, https:\/\/przedszkolebuk.pl\/wp-content\/uploads\/2025\/10\/IMG-20250925-WA0047-350x467.jpg 350w, https:\/\/przedszkolebuk.pl\/wp-content\/uploads\/2025\/10\/IMG-20250925-WA0047-480x640.jpg 480w, https:\/\/przedszkolebuk.pl\/wp-content\/uploads\/2025\/10\/IMG-20250925-WA0047.jpg 1200w\" sizes=\"auto, (max-width: 768px) 100vw, 768px\" \/><\/figure>\n\n\n\n<figure class=\"wp-block-image size-large\"><img loading=\"lazy\" decoding=\"async\" width=\"576\" height=\"1024\" data-id=\"48301\" src=\"https:\/\/przedszkolebuk.pl\/wp-content\/uploads\/2025\/10\/IMG-20250925-WA0046-576x1024.jpg\" alt=\"\" class=\"wp-image-48301\" srcset=\"https:\/\/przedszkolebuk.pl\/wp-content\/uploads\/2025\/10\/IMG-20250925-WA0046-576x1024.jpg 576w, https:\/\/przedszkolebuk.pl\/wp-content\/uploads\/2025\/10\/IMG-20250925-WA0046-169x300.jpg 169w, https:\/\/przedszkolebuk.pl\/wp-content\/uploads\/2025\/10\/IMG-20250925-WA0046-768x1365.jpg 768w, https:\/\/przedszkolebuk.pl\/wp-content\/uploads\/2025\/10\/IMG-20250925-WA0046-864x1536.jpg 864w, https:\/\/przedszkolebuk.pl\/wp-content\/uploads\/2025\/10\/IMG-20250925-WA0046-830x1476.jpg 830w, https:\/\/przedszkolebuk.pl\/wp-content\/uploads\/2025\/10\/IMG-20250925-WA0046-230x409.jpg 230w, https:\/\/przedszkolebuk.pl\/wp-content\/uploads\/2025\/10\/IMG-20250925-WA0046-350x622.jpg 350w, https:\/\/przedszkolebuk.pl\/wp-content\/uploads\/2025\/10\/IMG-20250925-WA0046-480x853.jpg 480w, https:\/\/przedszkolebuk.pl\/wp-content\/uploads\/2025\/10\/IMG-20250925-WA0046.jpg 900w\" sizes=\"auto, (max-width: 576px) 100vw, 576px\" \/><\/figure>\n\n\n\n<figure class=\"wp-block-image size-large\"><img loading=\"lazy\" decoding=\"async\" width=\"768\" height=\"1024\" data-id=\"48302\" src=\"https:\/\/przedszkolebuk.pl\/wp-content\/uploads\/2025\/10\/IMG-20250925-WA0049-768x1024.jpg\" alt=\"\" class=\"wp-image-48302\" srcset=\"https:\/\/przedszkolebuk.pl\/wp-content\/uploads\/2025\/10\/IMG-20250925-WA0049-768x1024.jpg 768w, https:\/\/przedszkolebuk.pl\/wp-content\/uploads\/2025\/10\/IMG-20250925-WA0049-225x300.jpg 225w, https:\/\/przedszkolebuk.pl\/wp-content\/uploads\/2025\/10\/IMG-20250925-WA0049-1152x1536.jpg 1152w, https:\/\/przedszkolebuk.pl\/wp-content\/uploads\/2025\/10\/IMG-20250925-WA0049-830x1107.jpg 830w, https:\/\/przedszkolebuk.pl\/wp-content\/uploads\/2025\/10\/IMG-20250925-WA0049-230x307.jpg 230w, https:\/\/przedszkolebuk.pl\/wp-content\/uploads\/2025\/10\/IMG-20250925-WA0049-350x467.jpg 350w, https:\/\/przedszkolebuk.pl\/wp-content\/uploads\/2025\/10\/IMG-20250925-WA0049-480x640.jpg 480w, https:\/\/przedszkolebuk.pl\/wp-content\/uploads\/2025\/10\/IMG-20250925-WA0049.jpg 1512w\" sizes=\"auto, (max-width: 768px) 100vw, 768px\" \/><\/figure>\n<\/figure>\n\n\n\n\n","protected":false},"excerpt":{"rendered":"<p>Dzieci z naszego przedszkola Zuzia, Sta\u015b i Michalina dumnie reprezentowa\u0142y plac\u00f3wk\u0119 ze sztandarem podczas uroczystej Mszy \u015bw. Odpustowej w Sanktuarium. \u00a0<\/p>\n","protected":false},"author":2,"featured_media":48301,"comment_status":"closed","ping_status":"closed","sticky":false,"template":"","format":"standard","meta":{"footnotes":""},"categories":[3],"tags":[],"class_list":["post-48297","post","type-post","status-publish","format-standard","has-post-thumbnail","hentry","category-wrzesien"],"_links":{"self":[{"href":"https:\/\/przedszkolebuk.pl\/index.php?rest_route=\/wp\/v2\/posts\/48297","targetHints":{"allow":["GET"]}}],"collection":[{"href":"https:\/\/przedszkolebuk.pl\/index.php?rest_route=\/wp\/v2\/posts"}],"about":[{"href":"https:\/\/przedszkolebuk.pl\/index.php?rest_route=\/wp\/v2\/types\/post"}],"author":[{"embeddable":true,"href":"https:\/\/przedszkolebuk.pl\/index.php?rest_route=\/wp\/v2\/users\/2"}],"replies":[{"embeddable":true,"href":"https:\/\/przedszkolebuk.pl\/index.php?rest_route=%2Fwp%2Fv2%2Fcomments&post=48297"}],"version-history":[{"count":2,"href":"https:\/\/przedszkolebuk.pl\/index.php?rest_route=\/wp\/v2\/posts\/48297\/revisions"}],"predecessor-version":[{"id":48304,"href":"https:\/\/przedszkolebuk.pl\/index.php?rest_route=\/wp\/v2\/posts\/48297\/revisions\/48304"}],"wp:featuredmedia":[{"embeddable":true,"href":"https:\/\/przedszkolebuk.pl\/index.php?rest_route=\/wp\/v2\/media\/48301"}],"wp:attachment":[{"href":"https:\/\/przedszkolebuk.pl\/index.php?rest_route=%2Fwp%2Fv2%2Fmedia&parent=48297"}],"wp:term":[{"taxonomy":"category","embeddable":true,"href":"https:\/\/przedszkolebuk.pl\/index.php?rest_route=%2Fwp%2Fv2%2Fcategories&post=48297"},{"taxonomy":"post_tag","embeddable":true,"href":"https:\/\/przedszkolebuk.pl\/index.php?rest_route=%2Fwp%2Fv2%2Ftags&post=48297"}],"curies":[{"name":"wp","href":"https:\/\/api.w.org\/{rel}","templated":true}]}}