{"id":48189,"date":"2025-09-08T11:00:00","date_gmt":"2025-09-08T09:00:00","guid":{"rendered":"https:\/\/przedszkolebuk.pl\/?p=48189"},"modified":"2025-10-05T11:10:45","modified_gmt":"2025-10-05T09:10:45","slug":"piknik-grupy-maki","status":"publish","type":"post","link":"https:\/\/przedszkolebuk.pl\/?p=48189","title":{"rendered":"Piknik grupy Maki"},"content":{"rendered":"\n<p style=\"text-align: center;\" data-start=\"76\" data-end=\"335\">W naszym ogrodzie przedszkolnym zrobi\u0142o si\u0119 wyj\u0105tkowo rado\u015bnie i kolorowo! \ud83c\udf08<br data-start=\"153\" data-end=\"156\" \/>Rodzice dzieci z grupy \u201eMaki\u201d zorganizowali rodzinny piknik, kt\u00f3ry by\u0142 pi\u0119kn\u0105 okazj\u0105 do wsp\u00f3lnego sp\u0119dzenia czasu, rozm\u00f3w i zabawy w serdecznej, rodzinnej atmosferze. \ud83d\udc9b<\/p>\n<p style=\"text-align: center;\" data-start=\"337\" data-end=\"743\">Nie zabrak\u0142o atrakcji zar\u00f3wno dla dzieci, jak i doros\u0142ych.<br data-start=\"395\" data-end=\"398\" \/>\ud83d\udd25 Grill i pyszny pocz\u0119stunek kusi\u0142y zapachem i smakiem, a weso\u0142e rozmowy i \u015bmiech unosi\u0142y si\u0119 nad ca\u0142ym ogrodem.<br data-start=\"515\" data-end=\"518\" \/>\ud83c\udfa8 Malowanie twarzy, robienie kolorowych bransoletek i warkoczyk\u00f3w sprawi\u0142y dzieciom mn\u00f3stwo rado\u015bci \u2014 ka\u017cdy m\u00f3g\u0142 cho\u0107 na chwil\u0119 wcieli\u0107 si\u0119 w ulubion\u0105 posta\u0107 lub ozdobi\u0107 si\u0119 w\u0142asnor\u0119cznie wykonan\u0105 bi\u017cuteri\u0105. \ud83c\udf38<\/p>\n<p style=\"text-align: center;\" data-start=\"745\" data-end=\"865\">By\u0142 to czas pe\u0142en rado\u015bci, wsp\u00f3lnoty i wdzi\u0119czno\u015bci, kt\u00f3ry jeszcze bardziej zbli\u017cy\u0142 nasze przedszkolne rodziny. \ud83d\udc95<\/p>\n<p style=\"text-align: center;\" data-start=\"867\" data-end=\"974\">Dzi\u0119kujemy Rodzicom za inicjatyw\u0119 tego wydarzenia, zaanga\u017cowanie, serdeczno\u015b\u0107 i wsp\u00f3lne tworzenie tak ciep\u0142ej atmosfery!<\/p>\n<div id='gallery-1' class='gallery galleryid-48189 gallery-columns-1 gallery-size-full'><figure class='gallery-item'>\n\t\t\t<div class='gallery-icon portrait'>\n\t\t\t\t<a href='https:\/\/przedszkolebuk.pl\/wp-content\/uploads\/2025\/10\/IMG-20250904-WA0005.jpg'><img loading=\"lazy\" decoding=\"async\" width=\"1200\" height=\"1600\" src=\"https:\/\/przedszkolebuk.pl\/wp-content\/uploads\/2025\/10\/IMG-20250904-WA0005.jpg\" class=\"attachment-full size-full\" alt=\"\" srcset=\"https:\/\/przedszkolebuk.pl\/wp-content\/uploads\/2025\/10\/IMG-20250904-WA0005.jpg 1200w, https:\/\/przedszkolebuk.pl\/wp-content\/uploads\/2025\/10\/IMG-20250904-WA0005-225x300.jpg 225w, https:\/\/przedszkolebuk.pl\/wp-content\/uploads\/2025\/10\/IMG-20250904-WA0005-768x1024.jpg 768w, https:\/\/przedszkolebuk.pl\/wp-content\/uploads\/2025\/10\/IMG-20250904-WA0005-1152x1536.jpg 1152w, https:\/\/przedszkolebuk.pl\/wp-content\/uploads\/2025\/10\/IMG-20250904-WA0005-830x1107.jpg 830w, https:\/\/przedszkolebuk.pl\/wp-content\/uploads\/2025\/10\/IMG-20250904-WA0005-230x307.jpg 230w, https:\/\/przedszkolebuk.pl\/wp-content\/uploads\/2025\/10\/IMG-20250904-WA0005-350x467.jpg 350w, https:\/\/przedszkolebuk.pl\/wp-content\/uploads\/2025\/10\/IMG-20250904-WA0005-480x640.jpg 480w\" sizes=\"auto, (max-width: 1200px) 100vw, 1200px\" \/><\/a>\n\t\t\t<\/div><\/figure><figure class='gallery-item'>\n\t\t\t<div class='gallery-icon portrait'>\n\t\t\t\t<a href='https:\/\/przedszkolebuk.pl\/wp-content\/uploads\/2025\/10\/IMG-20250904-WA0008.jpg'><img loading=\"lazy\" decoding=\"async\" width=\"1200\" height=\"1600\" src=\"https:\/\/przedszkolebuk.pl\/wp-content\/uploads\/2025\/10\/IMG-20250904-WA0008.jpg\" class=\"attachment-full size-full\" alt=\"\" srcset=\"https:\/\/przedszkolebuk.pl\/wp-content\/uploads\/2025\/10\/IMG-20250904-WA0008.jpg 1200w, https:\/\/przedszkolebuk.pl\/wp-content\/uploads\/2025\/10\/IMG-20250904-WA0008-225x300.jpg 225w, https:\/\/przedszkolebuk.pl\/wp-content\/uploads\/2025\/10\/IMG-20250904-WA0008-768x1024.jpg 768w, https:\/\/przedszkolebuk.pl\/wp-content\/uploads\/2025\/10\/IMG-20250904-WA0008-1152x1536.jpg 1152w, https:\/\/przedszkolebuk.pl\/wp-content\/uploads\/2025\/10\/IMG-20250904-WA0008-830x1107.jpg 830w, https:\/\/przedszkolebuk.pl\/wp-content\/uploads\/2025\/10\/IMG-20250904-WA0008-230x307.jpg 230w, https:\/\/przedszkolebuk.pl\/wp-content\/uploads\/2025\/10\/IMG-20250904-WA0008-350x467.jpg 350w, https:\/\/przedszkolebuk.pl\/wp-content\/uploads\/2025\/10\/IMG-20250904-WA0008-480x640.jpg 480w\" sizes=\"auto, (max-width: 1200px) 100vw, 1200px\" \/><\/a>\n\t\t\t<\/div><\/figure><figure class='gallery-item'>\n\t\t\t<div class='gallery-icon portrait'>\n\t\t\t\t<a href='https:\/\/przedszkolebuk.pl\/wp-content\/uploads\/2025\/10\/IMG-20250904-WA0012.jpg'><img loading=\"lazy\" decoding=\"async\" width=\"1200\" height=\"1600\" src=\"https:\/\/przedszkolebuk.pl\/wp-content\/uploads\/2025\/10\/IMG-20250904-WA0012.jpg\" class=\"attachment-full size-full\" alt=\"\" srcset=\"https:\/\/przedszkolebuk.pl\/wp-content\/uploads\/2025\/10\/IMG-20250904-WA0012.jpg 1200w, https:\/\/przedszkolebuk.pl\/wp-content\/uploads\/2025\/10\/IMG-20250904-WA0012-225x300.jpg 225w, https:\/\/przedszkolebuk.pl\/wp-content\/uploads\/2025\/10\/IMG-20250904-WA0012-768x1024.jpg 768w, https:\/\/przedszkolebuk.pl\/wp-content\/uploads\/2025\/10\/IMG-20250904-WA0012-1152x1536.jpg 1152w, https:\/\/przedszkolebuk.pl\/wp-content\/uploads\/2025\/10\/IMG-20250904-WA0012-830x1107.jpg 830w, https:\/\/przedszkolebuk.pl\/wp-content\/uploads\/2025\/10\/IMG-20250904-WA0012-230x307.jpg 230w, https:\/\/przedszkolebuk.pl\/wp-content\/uploads\/2025\/10\/IMG-20250904-WA0012-350x467.jpg 350w, https:\/\/przedszkolebuk.pl\/wp-content\/uploads\/2025\/10\/IMG-20250904-WA0012-480x640.jpg 480w\" sizes=\"auto, (max-width: 1200px) 100vw, 1200px\" \/><\/a>\n\t\t\t<\/div><\/figure><figure class='gallery-item'>\n\t\t\t<div class='gallery-icon portrait'>\n\t\t\t\t<a href='https:\/\/przedszkolebuk.pl\/wp-content\/uploads\/2025\/10\/IMG-20250904-WA0014.jpg'><img loading=\"lazy\" decoding=\"async\" width=\"1200\" height=\"1600\" src=\"https:\/\/przedszkolebuk.pl\/wp-content\/uploads\/2025\/10\/IMG-20250904-WA0014.jpg\" class=\"attachment-full size-full\" alt=\"\" srcset=\"https:\/\/przedszkolebuk.pl\/wp-content\/uploads\/2025\/10\/IMG-20250904-WA0014.jpg 1200w, https:\/\/przedszkolebuk.pl\/wp-content\/uploads\/2025\/10\/IMG-20250904-WA0014-225x300.jpg 225w, https:\/\/przedszkolebuk.pl\/wp-content\/uploads\/2025\/10\/IMG-20250904-WA0014-768x1024.jpg 768w, https:\/\/przedszkolebuk.pl\/wp-content\/uploads\/2025\/10\/IMG-20250904-WA0014-1152x1536.jpg 1152w, https:\/\/przedszkolebuk.pl\/wp-content\/uploads\/2025\/10\/IMG-20250904-WA0014-830x1107.jpg 830w, https:\/\/przedszkolebuk.pl\/wp-content\/uploads\/2025\/10\/IMG-20250904-WA0014-230x307.jpg 230w, https:\/\/przedszkolebuk.pl\/wp-content\/uploads\/2025\/10\/IMG-20250904-WA0014-350x467.jpg 350w, https:\/\/przedszkolebuk.pl\/wp-content\/uploads\/2025\/10\/IMG-20250904-WA0014-480x640.jpg 480w\" sizes=\"auto, (max-width: 1200px) 100vw, 1200px\" \/><\/a>\n\t\t\t<\/div><\/figure><figure class='gallery-item'>\n\t\t\t<div class='gallery-icon portrait'>\n\t\t\t\t<a href='https:\/\/przedszkolebuk.pl\/wp-content\/uploads\/2025\/10\/IMG-20250904-WA0015.jpg'><img loading=\"lazy\" decoding=\"async\" width=\"1200\" height=\"1600\" src=\"https:\/\/przedszkolebuk.pl\/wp-content\/uploads\/2025\/10\/IMG-20250904-WA0015.jpg\" class=\"attachment-full size-full\" alt=\"\" srcset=\"https:\/\/przedszkolebuk.pl\/wp-content\/uploads\/2025\/10\/IMG-20250904-WA0015.jpg 1200w, https:\/\/przedszkolebuk.pl\/wp-content\/uploads\/2025\/10\/IMG-20250904-WA0015-225x300.jpg 225w, https:\/\/przedszkolebuk.pl\/wp-content\/uploads\/2025\/10\/IMG-20250904-WA0015-768x1024.jpg 768w, https:\/\/przedszkolebuk.pl\/wp-content\/uploads\/2025\/10\/IMG-20250904-WA0015-1152x1536.jpg 1152w, https:\/\/przedszkolebuk.pl\/wp-content\/uploads\/2025\/10\/IMG-20250904-WA0015-830x1107.jpg 830w, https:\/\/przedszkolebuk.pl\/wp-content\/uploads\/2025\/10\/IMG-20250904-WA0015-230x307.jpg 230w, https:\/\/przedszkolebuk.pl\/wp-content\/uploads\/2025\/10\/IMG-20250904-WA0015-350x467.jpg 350w, https:\/\/przedszkolebuk.pl\/wp-content\/uploads\/2025\/10\/IMG-20250904-WA0015-480x640.jpg 480w\" sizes=\"auto, (max-width: 1200px) 100vw, 1200px\" \/><\/a>\n\t\t\t<\/div><\/figure><figure class='gallery-item'>\n\t\t\t<div class='gallery-icon portrait'>\n\t\t\t\t<a href='https:\/\/przedszkolebuk.pl\/wp-content\/uploads\/2025\/10\/IMG-20250904-WA0017.jpg'><img loading=\"lazy\" decoding=\"async\" width=\"1200\" height=\"1600\" src=\"https:\/\/przedszkolebuk.pl\/wp-content\/uploads\/2025\/10\/IMG-20250904-WA0017.jpg\" class=\"attachment-full size-full\" alt=\"\" srcset=\"https:\/\/przedszkolebuk.pl\/wp-content\/uploads\/2025\/10\/IMG-20250904-WA0017.jpg 1200w, https:\/\/przedszkolebuk.pl\/wp-content\/uploads\/2025\/10\/IMG-20250904-WA0017-225x300.jpg 225w, https:\/\/przedszkolebuk.pl\/wp-content\/uploads\/2025\/10\/IMG-20250904-WA0017-768x1024.jpg 768w, https:\/\/przedszkolebuk.pl\/wp-content\/uploads\/2025\/10\/IMG-20250904-WA0017-1152x1536.jpg 1152w, https:\/\/przedszkolebuk.pl\/wp-content\/uploads\/2025\/10\/IMG-20250904-WA0017-830x1107.jpg 830w, https:\/\/przedszkolebuk.pl\/wp-content\/uploads\/2025\/10\/IMG-20250904-WA0017-230x307.jpg 230w, https:\/\/przedszkolebuk.pl\/wp-content\/uploads\/2025\/10\/IMG-20250904-WA0017-350x467.jpg 350w, https:\/\/przedszkolebuk.pl\/wp-content\/uploads\/2025\/10\/IMG-20250904-WA0017-480x640.jpg 480w\" sizes=\"auto, (max-width: 1200px) 100vw, 1200px\" \/><\/a>\n\t\t\t<\/div><\/figure><figure class='gallery-item'>\n\t\t\t<div class='gallery-icon portrait'>\n\t\t\t\t<a href='https:\/\/przedszkolebuk.pl\/wp-content\/uploads\/2025\/10\/IMG-20250904-WA0018.jpg'><img loading=\"lazy\" decoding=\"async\" width=\"1200\" height=\"1600\" src=\"https:\/\/przedszkolebuk.pl\/wp-content\/uploads\/2025\/10\/IMG-20250904-WA0018.jpg\" class=\"attachment-full size-full\" alt=\"\" srcset=\"https:\/\/przedszkolebuk.pl\/wp-content\/uploads\/2025\/10\/IMG-20250904-WA0018.jpg 1200w, https:\/\/przedszkolebuk.pl\/wp-content\/uploads\/2025\/10\/IMG-20250904-WA0018-225x300.jpg 225w, https:\/\/przedszkolebuk.pl\/wp-content\/uploads\/2025\/10\/IMG-20250904-WA0018-768x1024.jpg 768w, https:\/\/przedszkolebuk.pl\/wp-content\/uploads\/2025\/10\/IMG-20250904-WA0018-1152x1536.jpg 1152w, https:\/\/przedszkolebuk.pl\/wp-content\/uploads\/2025\/10\/IMG-20250904-WA0018-830x1107.jpg 830w, https:\/\/przedszkolebuk.pl\/wp-content\/uploads\/2025\/10\/IMG-20250904-WA0018-230x307.jpg 230w, https:\/\/przedszkolebuk.pl\/wp-content\/uploads\/2025\/10\/IMG-20250904-WA0018-350x467.jpg 350w, https:\/\/przedszkolebuk.pl\/wp-content\/uploads\/2025\/10\/IMG-20250904-WA0018-480x640.jpg 480w\" sizes=\"auto, (max-width: 1200px) 100vw, 1200px\" \/><\/a>\n\t\t\t<\/div><\/figure><figure class='gallery-item'>\n\t\t\t<div class='gallery-icon portrait'>\n\t\t\t\t<a href='https:\/\/przedszkolebuk.pl\/wp-content\/uploads\/2025\/10\/IMG-20250904-WA0019.jpg'><img loading=\"lazy\" decoding=\"async\" width=\"1200\" height=\"1600\" src=\"https:\/\/przedszkolebuk.pl\/wp-content\/uploads\/2025\/10\/IMG-20250904-WA0019.jpg\" class=\"attachment-full size-full\" alt=\"\" srcset=\"https:\/\/przedszkolebuk.pl\/wp-content\/uploads\/2025\/10\/IMG-20250904-WA0019.jpg 1200w, https:\/\/przedszkolebuk.pl\/wp-content\/uploads\/2025\/10\/IMG-20250904-WA0019-225x300.jpg 225w, https:\/\/przedszkolebuk.pl\/wp-content\/uploads\/2025\/10\/IMG-20250904-WA0019-768x1024.jpg 768w, https:\/\/przedszkolebuk.pl\/wp-content\/uploads\/2025\/10\/IMG-20250904-WA0019-1152x1536.jpg 1152w, https:\/\/przedszkolebuk.pl\/wp-content\/uploads\/2025\/10\/IMG-20250904-WA0019-830x1107.jpg 830w, https:\/\/przedszkolebuk.pl\/wp-content\/uploads\/2025\/10\/IMG-20250904-WA0019-230x307.jpg 230w, https:\/\/przedszkolebuk.pl\/wp-content\/uploads\/2025\/10\/IMG-20250904-WA0019-350x467.jpg 350w, https:\/\/przedszkolebuk.pl\/wp-content\/uploads\/2025\/10\/IMG-20250904-WA0019-480x640.jpg 480w\" sizes=\"auto, (max-width: 1200px) 100vw, 1200px\" \/><\/a>\n\t\t\t<\/div><\/figure><figure class='gallery-item'>\n\t\t\t<div class='gallery-icon portrait'>\n\t\t\t\t<a href='https:\/\/przedszkolebuk.pl\/wp-content\/uploads\/2025\/10\/IMG-20250904-WA0020.jpg'><img loading=\"lazy\" decoding=\"async\" width=\"1200\" height=\"1600\" src=\"https:\/\/przedszkolebuk.pl\/wp-content\/uploads\/2025\/10\/IMG-20250904-WA0020.jpg\" class=\"attachment-full size-full\" alt=\"\" srcset=\"https:\/\/przedszkolebuk.pl\/wp-content\/uploads\/2025\/10\/IMG-20250904-WA0020.jpg 1200w, https:\/\/przedszkolebuk.pl\/wp-content\/uploads\/2025\/10\/IMG-20250904-WA0020-225x300.jpg 225w, https:\/\/przedszkolebuk.pl\/wp-content\/uploads\/2025\/10\/IMG-20250904-WA0020-768x1024.jpg 768w, https:\/\/przedszkolebuk.pl\/wp-content\/uploads\/2025\/10\/IMG-20250904-WA0020-1152x1536.jpg 1152w, https:\/\/przedszkolebuk.pl\/wp-content\/uploads\/2025\/10\/IMG-20250904-WA0020-830x1107.jpg 830w, https:\/\/przedszkolebuk.pl\/wp-content\/uploads\/2025\/10\/IMG-20250904-WA0020-230x307.jpg 230w, https:\/\/przedszkolebuk.pl\/wp-content\/uploads\/2025\/10\/IMG-20250904-WA0020-350x467.jpg 350w, https:\/\/przedszkolebuk.pl\/wp-content\/uploads\/2025\/10\/IMG-20250904-WA0020-480x640.jpg 480w\" sizes=\"auto, (max-width: 1200px) 100vw, 1200px\" \/><\/a>\n\t\t\t<\/div><\/figure><figure class='gallery-item'>\n\t\t\t<div class='gallery-icon portrait'>\n\t\t\t\t<a href='https:\/\/przedszkolebuk.pl\/wp-content\/uploads\/2025\/10\/IMG-20250904-WA0021.jpg'><img loading=\"lazy\" decoding=\"async\" width=\"1200\" height=\"1600\" src=\"https:\/\/przedszkolebuk.pl\/wp-content\/uploads\/2025\/10\/IMG-20250904-WA0021.jpg\" class=\"attachment-full size-full\" alt=\"\" srcset=\"https:\/\/przedszkolebuk.pl\/wp-content\/uploads\/2025\/10\/IMG-20250904-WA0021.jpg 1200w, https:\/\/przedszkolebuk.pl\/wp-content\/uploads\/2025\/10\/IMG-20250904-WA0021-225x300.jpg 225w, https:\/\/przedszkolebuk.pl\/wp-content\/uploads\/2025\/10\/IMG-20250904-WA0021-768x1024.jpg 768w, https:\/\/przedszkolebuk.pl\/wp-content\/uploads\/2025\/10\/IMG-20250904-WA0021-1152x1536.jpg 1152w, https:\/\/przedszkolebuk.pl\/wp-content\/uploads\/2025\/10\/IMG-20250904-WA0021-830x1107.jpg 830w, https:\/\/przedszkolebuk.pl\/wp-content\/uploads\/2025\/10\/IMG-20250904-WA0021-230x307.jpg 230w, https:\/\/przedszkolebuk.pl\/wp-content\/uploads\/2025\/10\/IMG-20250904-WA0021-350x467.jpg 350w, https:\/\/przedszkolebuk.pl\/wp-content\/uploads\/2025\/10\/IMG-20250904-WA0021-480x640.jpg 480w\" sizes=\"auto, (max-width: 1200px) 100vw, 1200px\" \/><\/a>\n\t\t\t<\/div><\/figure><figure class='gallery-item'>\n\t\t\t<div class='gallery-icon portrait'>\n\t\t\t\t<a href='https:\/\/przedszkolebuk.pl\/wp-content\/uploads\/2025\/10\/IMG-20250904-WA0022.jpg'><img loading=\"lazy\" decoding=\"async\" width=\"1200\" height=\"1600\" src=\"https:\/\/przedszkolebuk.pl\/wp-content\/uploads\/2025\/10\/IMG-20250904-WA0022.jpg\" class=\"attachment-full size-full\" alt=\"\" srcset=\"https:\/\/przedszkolebuk.pl\/wp-content\/uploads\/2025\/10\/IMG-20250904-WA0022.jpg 1200w, https:\/\/przedszkolebuk.pl\/wp-content\/uploads\/2025\/10\/IMG-20250904-WA0022-225x300.jpg 225w, https:\/\/przedszkolebuk.pl\/wp-content\/uploads\/2025\/10\/IMG-20250904-WA0022-768x1024.jpg 768w, https:\/\/przedszkolebuk.pl\/wp-content\/uploads\/2025\/10\/IMG-20250904-WA0022-1152x1536.jpg 1152w, https:\/\/przedszkolebuk.pl\/wp-content\/uploads\/2025\/10\/IMG-20250904-WA0022-830x1107.jpg 830w, https:\/\/przedszkolebuk.pl\/wp-content\/uploads\/2025\/10\/IMG-20250904-WA0022-230x307.jpg 230w, https:\/\/przedszkolebuk.pl\/wp-content\/uploads\/2025\/10\/IMG-20250904-WA0022-350x467.jpg 350w, https:\/\/przedszkolebuk.pl\/wp-content\/uploads\/2025\/10\/IMG-20250904-WA0022-480x640.jpg 480w\" sizes=\"auto, (max-width: 1200px) 100vw, 1200px\" \/><\/a>\n\t\t\t<\/div><\/figure>\n\t\t<\/div>\n\n<p>\u00a0<\/p>\n<p>\u00a0<\/p>\n","protected":false},"excerpt":{"rendered":"<p>W naszym ogrodzie przedszkolnym zrobi\u0142o si\u0119 wyj\u0105tkowo rado\u015bnie i kolorowo! \ud83c\udf08Rodzice dzieci z grupy \u201eMaki\u201d zorganizowali rodzinny piknik, kt\u00f3ry by\u0142 pi\u0119kn\u0105 okazj\u0105 do wsp\u00f3lnego sp\u0119dzenia czasu, rozm\u00f3w i zabawy w serdecznej, rodzinnej atmosferze. \ud83d\udc9b Nie zabrak\u0142o atrakcji zar\u00f3wno dla dzieci, jak i doros\u0142ych.\ud83d\udd25 Grill i pyszny pocz\u0119stunek kusi\u0142y zapachem i smakiem, a weso\u0142e rozmowy i [&hellip;]<\/p>\n","protected":false},"author":5,"featured_media":48199,"comment_status":"closed","ping_status":"closed","sticky":false,"template":"","format":"standard","meta":{"footnotes":""},"categories":[3],"tags":[],"class_list":["post-48189","post","type-post","status-publish","format-standard","has-post-thumbnail","hentry","category-wrzesien"],"_links":{"self":[{"href":"https:\/\/przedszkolebuk.pl\/index.php?rest_route=\/wp\/v2\/posts\/48189","targetHints":{"allow":["GET"]}}],"collection":[{"href":"https:\/\/przedszkolebuk.pl\/index.php?rest_route=\/wp\/v2\/posts"}],"about":[{"href":"https:\/\/przedszkolebuk.pl\/index.php?rest_route=\/wp\/v2\/types\/post"}],"author":[{"embeddable":true,"href":"https:\/\/przedszkolebuk.pl\/index.php?rest_route=\/wp\/v2\/users\/5"}],"replies":[{"embeddable":true,"href":"https:\/\/przedszkolebuk.pl\/index.php?rest_route=%2Fwp%2Fv2%2Fcomments&post=48189"}],"version-history":[{"count":2,"href":"https:\/\/przedszkolebuk.pl\/index.php?rest_route=\/wp\/v2\/posts\/48189\/revisions"}],"predecessor-version":[{"id":48232,"href":"https:\/\/przedszkolebuk.pl\/index.php?rest_route=\/wp\/v2\/posts\/48189\/revisions\/48232"}],"wp:featuredmedia":[{"embeddable":true,"href":"https:\/\/przedszkolebuk.pl\/index.php?rest_route=\/wp\/v2\/media\/48199"}],"wp:attachment":[{"href":"https:\/\/przedszkolebuk.pl\/index.php?rest_route=%2Fwp%2Fv2%2Fmedia&parent=48189"}],"wp:term":[{"taxonomy":"category","embeddable":true,"href":"https:\/\/przedszkolebuk.pl\/index.php?rest_route=%2Fwp%2Fv2%2Fcategories&post=48189"},{"taxonomy":"post_tag","embeddable":true,"href":"https:\/\/przedszkolebuk.pl\/index.php?rest_route=%2Fwp%2Fv2%2Ftags&post=48189"}],"curies":[{"name":"wp","href":"https:\/\/api.w.org\/{rel}","templated":true}]}}